{"id":2147,"date":"2022-03-26T09:41:03","date_gmt":"2022-03-26T08:41:03","guid":{"rendered":"https:\/\/vocinelmondo.com\/?p=2147"},"modified":"2022-04-23T13:25:32","modified_gmt":"2022-04-23T11:25:32","slug":"santa-maria-a-vico-il-consiglio-comunale-adotta-il-registro-della-bigenitorialita","status":"publish","type":"post","link":"https:\/\/vocinelmondo.com\/en\/santa-maria-a-vico-il-consiglio-comunale-adotta-il-registro-della-bigenitorialita\/","title":{"rendered":"Santa Maria a Vico: adottato il Registro della Bigenitorialit\u00e0"},"content":{"rendered":"<figure class=\"wp-block-image size-large\"><img data-recalc-dims=\"1\" loading=\"lazy\" decoding=\"async\" width=\"750\" height=\"552\" data-attachment-id=\"2149\" data-permalink=\"https:\/\/vocinelmondo.com\/en\/padre-e-figli-9688968-1\/\" data-orig-file=\"https:\/\/i0.wp.com\/vocinelmondo.com\/wp-content\/uploads\/2022\/03\/padre-e-figli-9688968-1.jpg?fit=1300%2C957&amp;ssl=1\" data-orig-size=\"1300,957\" data-comments-opened=\"1\" data-image-meta=\"{&quot;aperture&quot;:&quot;0&quot;,&quot;credit&quot;:&quot;&quot;,&quot;camera&quot;:&quot;&quot;,&quot;caption&quot;:&quot;&quot;,&quot;created_timestamp&quot;:&quot;0&quot;,&quot;copyright&quot;:&quot;(c) Reno12 | Dreamstime.com&quot;,&quot;focal_length&quot;:&quot;0&quot;,&quot;iso&quot;:&quot;0&quot;,&quot;shutter_speed&quot;:&quot;0&quot;,&quot;title&quot;:&quot;&quot;,&quot;orientation&quot;:&quot;0&quot;}\" data-image-title=\"padre-e-figli-9688968-1\" data-image-description=\"\" data-image-caption=\"\" data-large-file=\"https:\/\/i0.wp.com\/vocinelmondo.com\/wp-content\/uploads\/2022\/03\/padre-e-figli-9688968-1.jpg?fit=750%2C552&amp;ssl=1\" src=\"https:\/\/i0.wp.com\/vocinelmondo.com\/wp-content\/uploads\/2022\/03\/padre-e-figli-9688968-1.jpg?resize=750%2C552&#038;ssl=1\" alt=\"\" class=\"wp-image-2149\" \/><\/figure>\n\n\n\n<p class=\"has-text-align-justify wp-block-paragraph\">Il 19 marzo, come da terzo punto all&#8217;ordine del giorno, il Consiglio Comunale ha approvato all&#8217;unanimit\u00e0 il Registro della Bigenitorialit\u00e0. La consigliera <strong>Tiziana Pascarella<\/strong> ha spiegato brevemente che \u00e8 composto da 7 articoli e ha salutato e ringraziato i rappresentanti del &#8220;<strong>Gruppo<\/strong> <strong>Pa-dri Separati<\/strong>\u201d, di San Felice a Cancello, promotori della proposta. Il suo commento: &#8220;<em>E&#8217; una misura di<\/em> <em>civilt\u00e0<\/em>&#8220;.  Il Registro \u00e8 stato votato con immediata eseguibilit\u00e0: esso tuteler\u00e0 il diritto dei minori alla bigenitorialit\u00e0, cio\u00e8, come da comunicato stampa \u201c<em>il diritto soggettivo del minore a fruire dell\u2019apporto educativo e affettivo di entrambi i genitori, a prescindere da ogni genere di rapporto personale tra i genitori stessi<\/em>\u201d; ci\u00f2 significa, in altre parole, che tutte le comunicazioni riguardanti il minore dovranno essere recapitate a entrambi i genitori.<\/p>\n\n\n\n<p class=\"has-text-align-justify wp-block-paragraph\">Grande soddisfazione del presidente del Gruppo, <strong>Remigio De Matteis<\/strong>: &#8220;<em>Oggi \u00e8 il giorno del cambiamento, quel cambiamento tanto atteso e voluto. Ci auguriamo che gli addetti ai lavori siano messi in condizione di non creare situazioni di astio tra le coppie e di mediare come previsto e sancito dalla legge (la 54\/2006). Il prossimo passo sar\u00e0 la Panchina Blu, per dare quel famoso messaggio che la violenza non ha genere&#8221;.<\/em><\/p>\n\n\n\n<p class=\"has-text-align-justify wp-block-paragraph\">Il professor <strong>Carlo Crisci<\/strong>, delegato locale e designato da De Matteis come punto di riferimento del Gruppo a Santa Maria a Vico, commenta cos\u00ec: \u201c<em>Vigiler\u00f2 che la legge sia applicata e rispettata. Finalmente anche a Santa Maria a Vico saremo tutelati; mi auguro che i tanti pap\u00e0 separati locali non vivano la stessa situazione che ho vissuto per quasi 9 anni e che sto risolvendo grazie al Gruppo\u201d.<\/em><\/p>\n\n\n\n<p class=\"wp-block-paragraph\"><em>Anna Rita Canone<\/em><\/p>","protected":false},"excerpt":{"rendered":"<p>Anche Santa Maria a Vico avr\u00e0 il Registro della Bigenitorialit\u00e0<\/p>","protected":false},"author":185173647,"featured_media":0,"comment_status":"open","ping_status":"open","sticky":false,"template":"","format":"standard","meta":{"_jetpack_newsletter_access":"","_jetpack_dont_email_post_to_subs":false,"_jetpack_newsletter_tier_id":0,"_jetpack_memberships_contains_paywalled_content":false,"_wpcom_ai_launchpad_first_post":false,"_jetpack_feature_clip_id":0,"_jetpack_memberships_contains_paid_content":false,"footnotes":"","jetpack_publicize_message":"","jetpack_publicize_feature_enabled":true,"jetpack_social_post_already_shared":false,"jetpack_social_options":{"image_generator_settings":{"template":"highway","default_image_id":0,"font":"","enabled":false},"version":2},"jetpack_post_was_ever_published":false},"categories":[373493],"tags":[],"class_list":["post-2147","post","type-post","status-publish","format-standard","hentry","category-politica-locale","entry"],"yoast_head":"<!-- This site is optimized with the Yoast SEO plugin v28.4 - https:\/\/yoast.com\/product\/yoast-seo-wordpress\/ -->\n<title>Santa Maria a Vico: adottato il Registro della Bigenitorialit\u00e0 - Voci nel mondo<\/title>\n<meta name=\"robots\" content=\"index, follow, max-snippet:-1, max-image-preview:large, max-video-preview:-1\" \/>\n<link rel=\"canonical\" href=\"https:\/\/vocinelmondo.com\/en\/santa-maria-a-vico-il-consiglio-comunale-adotta-il-registro-della-bigenitorialita\/\" \/>\n<meta property=\"og:locale\" content=\"en_GB\" \/>\n<meta property=\"og:type\" content=\"article\" \/>\n<meta property=\"og:title\" content=\"Santa Maria a Vico: adottato il Registro della Bigenitorialit\u00e0 - Voci nel mondo\" \/>\n<meta property=\"og:description\" content=\"Anche Santa Maria a Vico avr\u00e0 il Registro della Bigenitorialit\u00e0\" \/>\n<meta property=\"og:url\" content=\"https:\/\/vocinelmondo.com\/en\/santa-maria-a-vico-il-consiglio-comunale-adotta-il-registro-della-bigenitorialita\/\" \/>\n<meta property=\"og:site_name\" content=\"Voci nel mondo\" \/>\n<meta property=\"article:publisher\" content=\"https:\/\/www.facebook.com\/profile.php?id=100023131396082\" \/>\n<meta property=\"article:published_time\" content=\"2022-03-26T08:41:03+00:00\" \/>\n<meta property=\"article:modified_time\" content=\"2022-04-23T11:25:32+00:00\" \/>\n<meta property=\"og:image\" content=\"https:\/\/vocinelmondo.com\/wp-content\/uploads\/2022\/03\/padre-e-figli-9688968-1.jpg?w=1024\" \/>\n<meta name=\"author\" content=\"vocinelmondo\" \/>\n<meta name=\"twitter:card\" content=\"summary_large_image\" \/>\n<meta name=\"twitter:creator\" content=\"@ARitaCanone\" \/>\n<meta name=\"twitter:site\" content=\"@ARitaCanone\" \/>\n<meta name=\"twitter:label1\" content=\"Written by\" \/>\n\t<meta name=\"twitter:data1\" content=\"vocinelmondo\" \/>\n\t<meta name=\"twitter:label2\" content=\"Estimated reading time\" \/>\n\t<meta name=\"twitter:data2\" content=\"1 minute\" \/>\n<script type=\"application\/ld+json\" class=\"yoast-schema-graph\">{\"@context\":\"https:\\\/\\\/schema.org\",\"@graph\":[{\"@type\":\"Article\",\"@id\":\"https:\\\/\\\/vocinelmondo.com\\\/santa-maria-a-vico-il-consiglio-comunale-adotta-il-registro-della-bigenitorialita\\\/#article\",\"isPartOf\":{\"@id\":\"https:\\\/\\\/vocinelmondo.com\\\/santa-maria-a-vico-il-consiglio-comunale-adotta-il-registro-della-bigenitorialita\\\/\"},\"author\":{\"name\":\"vocinelmondo\",\"@id\":\"https:\\\/\\\/vocinelmondo.com\\\/#\\\/schema\\\/person\\\/3b41b613046b23ee509c85f11b515b31\"},\"headline\":\"Santa Maria a Vico: adottato il Registro della Bigenitorialit\u00e0\",\"datePublished\":\"2022-03-26T08:41:03+00:00\",\"dateModified\":\"2022-04-23T11:25:32+00:00\",\"mainEntityOfPage\":{\"@id\":\"https:\\\/\\\/vocinelmondo.com\\\/santa-maria-a-vico-il-consiglio-comunale-adotta-il-registro-della-bigenitorialita\\\/\"},\"wordCount\":273,\"commentCount\":0,\"publisher\":{\"@id\":\"https:\\\/\\\/vocinelmondo.com\\\/#organization\"},\"image\":{\"@id\":\"https:\\\/\\\/vocinelmondo.com\\\/santa-maria-a-vico-il-consiglio-comunale-adotta-il-registro-della-bigenitorialita\\\/#primaryimage\"},\"thumbnailUrl\":\"https:\\\/\\\/vocinelmondo.com\\\/wp-content\\\/uploads\\\/2022\\\/03\\\/padre-e-figli-9688968-1.jpg?w=1024\",\"articleSection\":[\"Politica locale\"],\"inLanguage\":\"en-GB\",\"potentialAction\":[{\"@type\":\"CommentAction\",\"name\":\"Comment\",\"target\":[\"https:\\\/\\\/vocinelmondo.com\\\/santa-maria-a-vico-il-consiglio-comunale-adotta-il-registro-della-bigenitorialita\\\/#respond\"]}]},{\"@type\":\"WebPage\",\"@id\":\"https:\\\/\\\/vocinelmondo.com\\\/santa-maria-a-vico-il-consiglio-comunale-adotta-il-registro-della-bigenitorialita\\\/\",\"url\":\"https:\\\/\\\/vocinelmondo.com\\\/santa-maria-a-vico-il-consiglio-comunale-adotta-il-registro-della-bigenitorialita\\\/\",\"name\":\"Santa Maria a Vico: adottato il Registro della Bigenitorialit\u00e0 - Voci nel mondo\",\"isPartOf\":{\"@id\":\"https:\\\/\\\/vocinelmondo.com\\\/#website\"},\"primaryImageOfPage\":{\"@id\":\"https:\\\/\\\/vocinelmondo.com\\\/santa-maria-a-vico-il-consiglio-comunale-adotta-il-registro-della-bigenitorialita\\\/#primaryimage\"},\"image\":{\"@id\":\"https:\\\/\\\/vocinelmondo.com\\\/santa-maria-a-vico-il-consiglio-comunale-adotta-il-registro-della-bigenitorialita\\\/#primaryimage\"},\"thumbnailUrl\":\"https:\\\/\\\/vocinelmondo.com\\\/wp-content\\\/uploads\\\/2022\\\/03\\\/padre-e-figli-9688968-1.jpg?w=1024\",\"datePublished\":\"2022-03-26T08:41:03+00:00\",\"dateModified\":\"2022-04-23T11:25:32+00:00\",\"breadcrumb\":{\"@id\":\"https:\\\/\\\/vocinelmondo.com\\\/santa-maria-a-vico-il-consiglio-comunale-adotta-il-registro-della-bigenitorialita\\\/#breadcrumb\"},\"inLanguage\":\"en-GB\",\"potentialAction\":[{\"@type\":\"ReadAction\",\"target\":[\"https:\\\/\\\/vocinelmondo.com\\\/santa-maria-a-vico-il-consiglio-comunale-adotta-il-registro-della-bigenitorialita\\\/\"]}]},{\"@type\":\"ImageObject\",\"inLanguage\":\"en-GB\",\"@id\":\"https:\\\/\\\/vocinelmondo.com\\\/santa-maria-a-vico-il-consiglio-comunale-adotta-il-registro-della-bigenitorialita\\\/#primaryimage\",\"url\":\"https:\\\/\\\/vocinelmondo.com\\\/wp-content\\\/uploads\\\/2022\\\/03\\\/padre-e-figli-9688968-1.jpg?w=1024\",\"contentUrl\":\"https:\\\/\\\/vocinelmondo.com\\\/wp-content\\\/uploads\\\/2022\\\/03\\\/padre-e-figli-9688968-1.jpg?w=1024\"},{\"@type\":\"BreadcrumbList\",\"@id\":\"https:\\\/\\\/vocinelmondo.com\\\/santa-maria-a-vico-il-consiglio-comunale-adotta-il-registro-della-bigenitorialita\\\/#breadcrumb\",\"itemListElement\":[{\"@type\":\"ListItem\",\"position\":1,\"name\":\"Home\",\"item\":\"https:\\\/\\\/vocinelmondo.com\\\/\"},{\"@type\":\"ListItem\",\"position\":2,\"name\":\"Santa Maria a Vico: adottato il Registro della Bigenitorialit\u00e0\"}]},{\"@type\":\"WebSite\",\"@id\":\"https:\\\/\\\/vocinelmondo.com\\\/#website\",\"url\":\"https:\\\/\\\/vocinelmondo.com\\\/\",\"name\":\"Voci nel mondo\",\"description\":\"\u201cIl giornalismo consiste principalmente nel dire &#039;Lord Jones \u00e8 morto&#039; a persone che non hanno mai saputo che Lord Jones fosse vivo.\u201d Gilbert Keith Chesterton\",\"publisher\":{\"@id\":\"https:\\\/\\\/vocinelmondo.com\\\/#organization\"},\"potentialAction\":[{\"@type\":\"SearchAction\",\"target\":{\"@type\":\"EntryPoint\",\"urlTemplate\":\"https:\\\/\\\/vocinelmondo.com\\\/?s={search_term_string}\"},\"query-input\":{\"@type\":\"PropertyValueSpecification\",\"valueRequired\":true,\"valueName\":\"search_term_string\"}}],\"inLanguage\":\"en-GB\"},{\"@type\":\"Organization\",\"@id\":\"https:\\\/\\\/vocinelmondo.com\\\/#organization\",\"name\":\"Voci nel mondo\",\"url\":\"https:\\\/\\\/vocinelmondo.com\\\/\",\"logo\":{\"@type\":\"ImageObject\",\"inLanguage\":\"en-GB\",\"@id\":\"https:\\\/\\\/vocinelmondo.com\\\/#\\\/schema\\\/logo\\\/image\\\/\",\"url\":\"https:\\\/\\\/i0.wp.com\\\/vocinelmondo.com\\\/wp-content\\\/uploads\\\/2024\\\/12\\\/cropped-istock-1433041100.jpg?fit=3837%2C2127&ssl=1\",\"contentUrl\":\"https:\\\/\\\/i0.wp.com\\\/vocinelmondo.com\\\/wp-content\\\/uploads\\\/2024\\\/12\\\/cropped-istock-1433041100.jpg?fit=3837%2C2127&ssl=1\",\"width\":3837,\"height\":2127,\"caption\":\"Voci nel mondo\"},\"image\":{\"@id\":\"https:\\\/\\\/vocinelmondo.com\\\/#\\\/schema\\\/logo\\\/image\\\/\"},\"sameAs\":[\"https:\\\/\\\/www.facebook.com\\\/profile.php?id=100023131396082\",\"https:\\\/\\\/x.com\\\/ARitaCanone\"]},{\"@type\":\"Person\",\"@id\":\"https:\\\/\\\/vocinelmondo.com\\\/#\\\/schema\\\/person\\\/3b41b613046b23ee509c85f11b515b31\",\"name\":\"vocinelmondo\",\"image\":{\"@type\":\"ImageObject\",\"inLanguage\":\"en-GB\",\"@id\":\"https:\\\/\\\/secure.gravatar.com\\\/avatar\\\/264bcc2e2bd2d15ec49ceca8fbef9484e519e453cea4be121248c01f67dc7a84?s=96&d=identicon&r=g\",\"url\":\"https:\\\/\\\/secure.gravatar.com\\\/avatar\\\/264bcc2e2bd2d15ec49ceca8fbef9484e519e453cea4be121248c01f67dc7a84?s=96&d=identicon&r=g\",\"contentUrl\":\"https:\\\/\\\/secure.gravatar.com\\\/avatar\\\/264bcc2e2bd2d15ec49ceca8fbef9484e519e453cea4be121248c01f67dc7a84?s=96&d=identicon&r=g\",\"caption\":\"vocinelmondo\"},\"sameAs\":[\"http:\\\/\\\/vocinelmondo.wordpress.com\"],\"url\":\"https:\\\/\\\/vocinelmondo.com\\\/en\\\/author\\\/vocinelmondo\\\/\"}]}<\/script>\n<!-- \/ Yoast SEO plugin. -->","yoast_head_json":{"title":"Santa Maria a Vico: adottato il Registro della Bigenitorialit\u00e0 - Voci nel mondo","robots":{"index":"index","follow":"follow","max-snippet":"max-snippet:-1","max-image-preview":"max-image-preview:large","max-video-preview":"max-video-preview:-1"},"canonical":"https:\/\/vocinelmondo.com\/en\/santa-maria-a-vico-il-consiglio-comunale-adotta-il-registro-della-bigenitorialita\/","og_locale":"en_GB","og_type":"article","og_title":"Santa Maria a Vico: adottato il Registro della Bigenitorialit\u00e0 - Voci nel mondo","og_description":"Anche Santa Maria a Vico avr\u00e0 il Registro della Bigenitorialit\u00e0","og_url":"https:\/\/vocinelmondo.com\/en\/santa-maria-a-vico-il-consiglio-comunale-adotta-il-registro-della-bigenitorialita\/","og_site_name":"Voci nel mondo","article_publisher":"https:\/\/www.facebook.com\/profile.php?id=100023131396082","article_published_time":"2022-03-26T08:41:03+00:00","article_modified_time":"2022-04-23T11:25:32+00:00","og_image":[{"url":"https:\/\/vocinelmondo.com\/wp-content\/uploads\/2022\/03\/padre-e-figli-9688968-1.jpg?w=1024","type":"","width":"","height":""}],"author":"vocinelmondo","twitter_card":"summary_large_image","twitter_creator":"@ARitaCanone","twitter_site":"@ARitaCanone","twitter_misc":{"Written by":"vocinelmondo","Estimated reading time":"1 minute"},"schema":{"@context":"https:\/\/schema.org","@graph":[{"@type":"Article","@id":"https:\/\/vocinelmondo.com\/santa-maria-a-vico-il-consiglio-comunale-adotta-il-registro-della-bigenitorialita\/#article","isPartOf":{"@id":"https:\/\/vocinelmondo.com\/santa-maria-a-vico-il-consiglio-comunale-adotta-il-registro-della-bigenitorialita\/"},"author":{"name":"vocinelmondo","@id":"https:\/\/vocinelmondo.com\/#\/schema\/person\/3b41b613046b23ee509c85f11b515b31"},"headline":"Santa Maria a Vico: adottato il Registro della Bigenitorialit\u00e0","datePublished":"2022-03-26T08:41:03+00:00","dateModified":"2022-04-23T11:25:32+00:00","mainEntityOfPage":{"@id":"https:\/\/vocinelmondo.com\/santa-maria-a-vico-il-consiglio-comunale-adotta-il-registro-della-bigenitorialita\/"},"wordCount":273,"commentCount":0,"publisher":{"@id":"https:\/\/vocinelmondo.com\/#organization"},"image":{"@id":"https:\/\/vocinelmondo.com\/santa-maria-a-vico-il-consiglio-comunale-adotta-il-registro-della-bigenitorialita\/#primaryimage"},"thumbnailUrl":"https:\/\/vocinelmondo.com\/wp-content\/uploads\/2022\/03\/padre-e-figli-9688968-1.jpg?w=1024","articleSection":["Politica locale"],"inLanguage":"en-GB","potentialAction":[{"@type":"CommentAction","name":"Comment","target":["https:\/\/vocinelmondo.com\/santa-maria-a-vico-il-consiglio-comunale-adotta-il-registro-della-bigenitorialita\/#respond"]}]},{"@type":"WebPage","@id":"https:\/\/vocinelmondo.com\/santa-maria-a-vico-il-consiglio-comunale-adotta-il-registro-della-bigenitorialita\/","url":"https:\/\/vocinelmondo.com\/santa-maria-a-vico-il-consiglio-comunale-adotta-il-registro-della-bigenitorialita\/","name":"Santa Maria a Vico: adottato il Registro della Bigenitorialit\u00e0 - Voci nel mondo","isPartOf":{"@id":"https:\/\/vocinelmondo.com\/#website"},"primaryImageOfPage":{"@id":"https:\/\/vocinelmondo.com\/santa-maria-a-vico-il-consiglio-comunale-adotta-il-registro-della-bigenitorialita\/#primaryimage"},"image":{"@id":"https:\/\/vocinelmondo.com\/santa-maria-a-vico-il-consiglio-comunale-adotta-il-registro-della-bigenitorialita\/#primaryimage"},"thumbnailUrl":"https:\/\/vocinelmondo.com\/wp-content\/uploads\/2022\/03\/padre-e-figli-9688968-1.jpg?w=1024","datePublished":"2022-03-26T08:41:03+00:00","dateModified":"2022-04-23T11:25:32+00:00","breadcrumb":{"@id":"https:\/\/vocinelmondo.com\/santa-maria-a-vico-il-consiglio-comunale-adotta-il-registro-della-bigenitorialita\/#breadcrumb"},"inLanguage":"en-GB","potentialAction":[{"@type":"ReadAction","target":["https:\/\/vocinelmondo.com\/santa-maria-a-vico-il-consiglio-comunale-adotta-il-registro-della-bigenitorialita\/"]}]},{"@type":"ImageObject","inLanguage":"en-GB","@id":"https:\/\/vocinelmondo.com\/santa-maria-a-vico-il-consiglio-comunale-adotta-il-registro-della-bigenitorialita\/#primaryimage","url":"https:\/\/vocinelmondo.com\/wp-content\/uploads\/2022\/03\/padre-e-figli-9688968-1.jpg?w=1024","contentUrl":"https:\/\/vocinelmondo.com\/wp-content\/uploads\/2022\/03\/padre-e-figli-9688968-1.jpg?w=1024"},{"@type":"BreadcrumbList","@id":"https:\/\/vocinelmondo.com\/santa-maria-a-vico-il-consiglio-comunale-adotta-il-registro-della-bigenitorialita\/#breadcrumb","itemListElement":[{"@type":"ListItem","position":1,"name":"Home","item":"https:\/\/vocinelmondo.com\/"},{"@type":"ListItem","position":2,"name":"Santa Maria a Vico: adottato il Registro della Bigenitorialit\u00e0"}]},{"@type":"WebSite","@id":"https:\/\/vocinelmondo.com\/#website","url":"https:\/\/vocinelmondo.com\/","name":"Voci nel mondo","description":"\u201cIl giornalismo consiste principalmente nel dire &#039;Lord Jones \u00e8 morto&#039; a persone che non hanno mai saputo che Lord Jones fosse vivo.\u201d Gilbert Keith Chesterton","publisher":{"@id":"https:\/\/vocinelmondo.com\/#organization"},"potentialAction":[{"@type":"SearchAction","target":{"@type":"EntryPoint","urlTemplate":"https:\/\/vocinelmondo.com\/?s={search_term_string}"},"query-input":{"@type":"PropertyValueSpecification","valueRequired":true,"valueName":"search_term_string"}}],"inLanguage":"en-GB"},{"@type":"Organization","@id":"https:\/\/vocinelmondo.com\/#organization","name":"Voci nel mondo","url":"https:\/\/vocinelmondo.com\/","logo":{"@type":"ImageObject","inLanguage":"en-GB","@id":"https:\/\/vocinelmondo.com\/#\/schema\/logo\/image\/","url":"https:\/\/i0.wp.com\/vocinelmondo.com\/wp-content\/uploads\/2024\/12\/cropped-istock-1433041100.jpg?fit=3837%2C2127&ssl=1","contentUrl":"https:\/\/i0.wp.com\/vocinelmondo.com\/wp-content\/uploads\/2024\/12\/cropped-istock-1433041100.jpg?fit=3837%2C2127&ssl=1","width":3837,"height":2127,"caption":"Voci nel mondo"},"image":{"@id":"https:\/\/vocinelmondo.com\/#\/schema\/logo\/image\/"},"sameAs":["https:\/\/www.facebook.com\/profile.php?id=100023131396082","https:\/\/x.com\/ARitaCanone"]},{"@type":"Person","@id":"https:\/\/vocinelmondo.com\/#\/schema\/person\/3b41b613046b23ee509c85f11b515b31","name":"vocinelmondo","image":{"@type":"ImageObject","inLanguage":"en-GB","@id":"https:\/\/secure.gravatar.com\/avatar\/264bcc2e2bd2d15ec49ceca8fbef9484e519e453cea4be121248c01f67dc7a84?s=96&d=identicon&r=g","url":"https:\/\/secure.gravatar.com\/avatar\/264bcc2e2bd2d15ec49ceca8fbef9484e519e453cea4be121248c01f67dc7a84?s=96&d=identicon&r=g","contentUrl":"https:\/\/secure.gravatar.com\/avatar\/264bcc2e2bd2d15ec49ceca8fbef9484e519e453cea4be121248c01f67dc7a84?s=96&d=identicon&r=g","caption":"vocinelmondo"},"sameAs":["http:\/\/vocinelmondo.wordpress.com"],"url":"https:\/\/vocinelmondo.com\/en\/author\/vocinelmondo\/"}]}},"jetpack_publicize_connections":[],"jetpack_likes_enabled":true,"jetpack_sharing_enabled":true,"jetpack_shortlink":"https:\/\/wp.me\/pbXoCg-yD","jetpack-related-posts":[{"id":1693,"url":"https:\/\/vocinelmondo.com\/en\/il-gruppo-pa-dri-separati-riuscira-a-far-istituire-il-registro-della-bigenitorialita-a-santa-maria-a-vico\/","url_meta":{"origin":2147,"position":0},"title":"Registro della Bigenitorialit\u00e0 a Santa Maria a Vico?","author":"vocinelmondo","date":"15\/11\/2021","format":false,"excerpt":"Il 13\/11 Il presidente del Gruppo Pa-Dri Separati di S. Felice a Cancello, il sig. Remigio De Matteis, ha incontrato il prof. Clemente Affinita e l\u2019avvocato Marcantonio Ferrara, rispettivamente Assessore alla Pubblica Istruzione e Consigliere alla Conferenza dei Capigruppo a Santa Maria a Vico. Remigio De Matteis ha gi\u00e0 protocollato\u2026","rel":"","context":"In &quot;Persone&quot;","block_context":{"text":"Persone","link":"https:\/\/vocinelmondo.com\/en\/category\/persone\/"},"img":{"alt_text":"","src":"https:\/\/i0.wp.com\/vocinelmondo.com\/wp-content\/uploads\/2021\/11\/c905ec7f-2379-4dc0-ab8f-7eff6fba46a2.jpeg?resize=350%2C200&ssl=1","width":350,"height":200,"srcset":"https:\/\/i0.wp.com\/vocinelmondo.com\/wp-content\/uploads\/2021\/11\/c905ec7f-2379-4dc0-ab8f-7eff6fba46a2.jpeg?resize=350%2C200&ssl=1 1x, https:\/\/i0.wp.com\/vocinelmondo.com\/wp-content\/uploads\/2021\/11\/c905ec7f-2379-4dc0-ab8f-7eff6fba46a2.jpeg?resize=525%2C300&ssl=1 1.5x, https:\/\/i0.wp.com\/vocinelmondo.com\/wp-content\/uploads\/2021\/11\/c905ec7f-2379-4dc0-ab8f-7eff6fba46a2.jpeg?resize=700%2C400&ssl=1 2x, https:\/\/i0.wp.com\/vocinelmondo.com\/wp-content\/uploads\/2021\/11\/c905ec7f-2379-4dc0-ab8f-7eff6fba46a2.jpeg?resize=1050%2C600&ssl=1 3x, https:\/\/i0.wp.com\/vocinelmondo.com\/wp-content\/uploads\/2021\/11\/c905ec7f-2379-4dc0-ab8f-7eff6fba46a2.jpeg?resize=1400%2C800&ssl=1 4x"},"classes":[]},{"id":2103,"url":"https:\/\/vocinelmondo.com\/en\/santa-maria-a-vico-continua-a-ignorare-i-papa-separati\/","url_meta":{"origin":2147,"position":1},"title":"Santa Maria a Vico ignora i pap\u00e0 separati?","author":"vocinelmondo","date":"10\/03\/2022","format":false,"excerpt":"I pap\u00e0 separati reclamano i loro diritti","rel":"","context":"In &quot;Persone&quot;","block_context":{"text":"Persone","link":"https:\/\/vocinelmondo.com\/en\/category\/persone\/"},"img":{"alt_text":"","src":"https:\/\/i0.wp.com\/vocinelmondo.com\/wp-content\/uploads\/2022\/03\/255365608_10224537193809189_4680158038910290008_n.jpg?resize=350%2C200&ssl=1","width":350,"height":200,"srcset":"https:\/\/i0.wp.com\/vocinelmondo.com\/wp-content\/uploads\/2022\/03\/255365608_10224537193809189_4680158038910290008_n.jpg?resize=350%2C200&ssl=1 1x, https:\/\/i0.wp.com\/vocinelmondo.com\/wp-content\/uploads\/2022\/03\/255365608_10224537193809189_4680158038910290008_n.jpg?resize=525%2C300&ssl=1 1.5x, https:\/\/i0.wp.com\/vocinelmondo.com\/wp-content\/uploads\/2022\/03\/255365608_10224537193809189_4680158038910290008_n.jpg?resize=700%2C400&ssl=1 2x, https:\/\/i0.wp.com\/vocinelmondo.com\/wp-content\/uploads\/2022\/03\/255365608_10224537193809189_4680158038910290008_n.jpg?resize=1050%2C600&ssl=1 3x"},"classes":[]},{"id":2116,"url":"https:\/\/vocinelmondo.com\/en\/santa-maria-a-vico-il-comune-risponde-al-gruppo-pa-dri-separati\/","url_meta":{"origin":2147,"position":2},"title":"Santa Maria a Vico: Comune risponde a Pa-dri Separati","author":"vocinelmondo","date":"14\/03\/2022","format":false,"excerpt":"Il Comune di Santa Maria a Vico risponde alle accuse del Gruppo Pa-dri Separati","rel":"","context":"In &quot;Persone&quot;","block_context":{"text":"Persone","link":"https:\/\/vocinelmondo.com\/en\/category\/persone\/"},"img":{"alt_text":"","src":"https:\/\/i0.wp.com\/vocinelmondo.com\/wp-content\/uploads\/2022\/03\/image.png?resize=350%2C200&ssl=1","width":350,"height":200},"classes":[]},{"id":1984,"url":"https:\/\/vocinelmondo.com\/en\/santa-maria-a-vico-de-matteis-torna-a-lamentarsi-della-mancata-collaborazione\/","url_meta":{"origin":2147,"position":3},"title":"Santa Maria a Vico: De Matteis lamenta mancata collaborazione","author":"vocinelmondo","date":"28\/02\/2022","format":false,"excerpt":"Remigio De Matteis lamenta il non agire del Comune di Santa Maria a Vico riguardo alla Legge 54\/2006","rel":"","context":"In &quot;Politica locale&quot;","block_context":{"text":"Politica locale","link":"https:\/\/vocinelmondo.com\/en\/category\/politica-locale\/"},"img":{"alt_text":"","src":"","width":0,"height":0},"classes":[]},{"id":1657,"url":"https:\/\/vocinelmondo.com\/en\/pa-dri-separati-a-s-maria-a-vico\/","url_meta":{"origin":2147,"position":4},"title":"Gruppo Pa-Dri Separati a S. Maria a Vico","author":"vocinelmondo","date":"08\/11\/2021","format":false,"excerpt":"Stamattina il Presidente del Gruppo Pa-Dri Separati di San Felice a Cancello*, il sig. Remigio De Matteis, ha protocollato, su delega, una richiesta all\u2019Istituto Comprensivo \"Giovanni XXIII\" di S. Maria a Vico. Di cosa si tratta? Si tratta di un pap\u00e0 che si vede negare alcuni diritti basilari, persino a\u2026","rel":"","context":"In &quot;Persone&quot;","block_context":{"text":"Persone","link":"https:\/\/vocinelmondo.com\/en\/category\/persone\/"},"img":{"alt_text":"","src":"https:\/\/i0.wp.com\/vocinelmondo.com\/wp-content\/uploads\/2021\/11\/image.png?resize=350%2C200&ssl=1","width":350,"height":200,"srcset":"https:\/\/i0.wp.com\/vocinelmondo.com\/wp-content\/uploads\/2021\/11\/image.png?resize=350%2C200&ssl=1 1x, https:\/\/i0.wp.com\/vocinelmondo.com\/wp-content\/uploads\/2021\/11\/image.png?resize=525%2C300&ssl=1 1.5x"},"classes":[]},{"id":1545,"url":"https:\/\/vocinelmondo.com\/en\/altavilla-irpina-istituito-registro-alla-bigenitorialita\/","url_meta":{"origin":2147,"position":5},"title":"Altavilla Irpina: istituito Registro alla Bigenitorialit\u00e0","author":"vocinelmondo","date":"28\/07\/2021","format":false,"excerpt":"Grande successo di Pa-dri Separati: il gruppo fondato da Remigio De Matteis, con sede a San Felice a Cancello, \u00e8 riuscito a portare ad Altavilla Irpina il Registro alla Bigenitorialit\u00e0. Grazie ad Alfonso Landolfi, il Comune irpino ha istituito il Registro alla Bigenitorialit\u00e0 e la figura del Garante comunale dei\u2026","rel":"","context":"In &quot;Persone&quot;","block_context":{"text":"Persone","link":"https:\/\/vocinelmondo.com\/en\/category\/persone\/"},"img":{"alt_text":"","src":"https:\/\/i0.wp.com\/vocinelmondo.com\/wp-content\/uploads\/2021\/07\/203377152_10223735097517283_2140779703899846020_n.jpg?resize=350%2C200&ssl=1","width":350,"height":200,"srcset":"https:\/\/i0.wp.com\/vocinelmondo.com\/wp-content\/uploads\/2021\/07\/203377152_10223735097517283_2140779703899846020_n.jpg?resize=350%2C200&ssl=1 1x, https:\/\/i0.wp.com\/vocinelmondo.com\/wp-content\/uploads\/2021\/07\/203377152_10223735097517283_2140779703899846020_n.jpg?resize=525%2C300&ssl=1 1.5x, https:\/\/i0.wp.com\/vocinelmondo.com\/wp-content\/uploads\/2021\/07\/203377152_10223735097517283_2140779703899846020_n.jpg?resize=700%2C400&ssl=1 2x"},"classes":[]}],"jetpack_featured_media_url":"","_links":{"self":[{"href":"https:\/\/vocinelmondo.com\/en\/wp-json\/wp\/v2\/posts\/2147","targetHints":{"allow":["GET"]}}],"collection":[{"href":"https:\/\/vocinelmondo.com\/en\/wp-json\/wp\/v2\/posts"}],"about":[{"href":"https:\/\/vocinelmondo.com\/en\/wp-json\/wp\/v2\/types\/post"}],"author":[{"embeddable":true,"href":"https:\/\/vocinelmondo.com\/en\/wp-json\/wp\/v2\/users\/185173647"}],"replies":[{"embeddable":true,"href":"https:\/\/vocinelmondo.com\/en\/wp-json\/wp\/v2\/comments?post=2147"}],"version-history":[{"count":4,"href":"https:\/\/vocinelmondo.com\/en\/wp-json\/wp\/v2\/posts\/2147\/revisions"}],"predecessor-version":[{"id":2240,"href":"https:\/\/vocinelmondo.com\/en\/wp-json\/wp\/v2\/posts\/2147\/revisions\/2240"}],"wp:attachment":[{"href":"https:\/\/vocinelmondo.com\/en\/wp-json\/wp\/v2\/media?parent=2147"}],"wp:term":[{"taxonomy":"category","embeddable":true,"href":"https:\/\/vocinelmondo.com\/en\/wp-json\/wp\/v2\/categories?post=2147"},{"taxonomy":"post_tag","embeddable":true,"href":"https:\/\/vocinelmondo.com\/en\/wp-json\/wp\/v2\/tags?post=2147"}],"curies":[{"name":"wp","href":"https:\/\/api.w.org\/{rel}","templated":true}]}}