{"id":7441,"date":"2026-08-29T18:17:37","date_gmt":"2026-08-29T16:17:37","guid":{"rendered":"https:\/\/vocinelmondo.com\/?p=7441"},"modified":"2026-08-29T18:17:37","modified_gmt":"2026-08-29T16:17:37","slug":"festival-delle-corti-2026","status":"publish","type":"post","link":"https:\/\/vocinelmondo.com\/en\/festival-delle-corti-2026\/","title":{"rendered":"Festival Delle Corti 2026"},"content":{"rendered":"<p>Il Festival delle Corti, giunto quest&#8217;anno alla sua decima edizione, nasce come progetto culturale indipendente, animato dalla volont\u00e0 di valorizzare il patrimonio artistico, storico e paesaggistico della Valle di Suessola e di restituire voce e memoria a quelle personalit\u00e0 illustri che in questa terra hanno visto i natali, contribuendo, spesso silenziosamente, alla storia culturale, sociale e civile del nostro Paese.<br \/>\nIn un decennio di attivit\u00e0, il Festival ha scelto di non limitarsi alla semplice celebrazione, ma di costruire, edizione dopo edizione, dei veri e propri percorsi tematici, fondati sulle ricerche storiche e scientifiche condotte dai soci e dai collaboratori dell&#8217;Associazione FATTIperVOLARE. Questo lavoro di scavo documentario e di ricostruzione della memoria locale ha permesso di intrecciare la narrazione dei luoghi con quella delle persone, restituendo alla Valle di Suessola una identit\u00e0 culturale consapevole delle proprie radici e capace di raccontarsi con rigore e passione.<br \/>\nL&#8217;indipendenza rappresenta, fin dalle origini, la cifra distintiva del Festival: una scelta consapevole che comporta inevitabilmente dei limiti nelle possibilit\u00e0 organizzative e logistiche, legati alla scarsit\u00e0 delle risorse economiche a disposizione. Eppure, proprio in questa condizione di limitatezza, il progetto ha trovato la propria forza pi\u00f9 autentica, sperimentando negli anni la fiducia reciproca e l&#8217;aiuto volontario dei partecipanti come risorsa non accessoria, ma fondamentale e strutturale. \u00c8 attorno a questa rete di relazioni, di competenze condivise e di generosit\u00e0 disinteressata che il Festival ha potuto crescere, edizione dopo edizione, mantenendo intatta la propria identit\u00e0.<br \/>\nAncora oggi, a dieci anni dalla prima edizione, il Festival delle Corti Suessolane si regge su questo stesso equilibrio: il volontariato di chi vi partecipa e il sostegno economico dei soci dell&#8217;Associazione e di quanti, di anno in anno, scelgono di contribuire alle sue iniziative. Un modello fragile per definizione, ma proprio per questo autentico: una comunit\u00e0 che si racconta da s\u00e9, con le proprie forze, custodendo e trasmettendo la memoria di una terra e delle persone che l&#8217;hanno abitata.<br \/>\nChi volesse sostenere questo percorso pu\u00f2 farlo con un contributo volontario, tramite versamento sul seguente IBAN: IT81 Z 08987 14900 0000 0020 1065, Banca BCC Caserta, causale &#8220;Contributo volontario attivit\u00e0 Associazione Fatti per Volare&#8221;. Parte del contributo \u00e8 deducibile dalle tasse.<\/p>\n<p>Grazie, vi aspettiamo numerosi nella splendida cornice storica di Villa Chiara.<\/p>\n<p><em>Anna Rita Canone<\/em><\/p>","protected":false},"excerpt":{"rendered":"<p>Il Festival delle Corti, giunto quest&#8217;anno alla sua decima edizione, nasce come progetto culturale indipendente, animato dalla volont\u00e0 di valorizzare il patrimonio artistico, storico e paesaggistico della Valle di Suessola e di restituire voce e memoria a quelle personalit\u00e0 illustri che in questa terra hanno visto i natali, contribuendo, spesso silenziosamente, alla storia culturale, sociale<a class=\"more-link\" href=\"https:\/\/vocinelmondo.com\/en\/festival-delle-corti-2026\/\">Continue reading <span class=\"screen-reader-text\">&#8220;Festival Delle Corti 2026&#8221;<\/span><\/a><\/p>","protected":false},"author":185173647,"featured_media":7444,"comment_status":"open","ping_status":"open","sticky":false,"template":"","format":"standard","meta":{"_jetpack_newsletter_access":"","_jetpack_dont_email_post_to_subs":false,"_jetpack_newsletter_tier_id":0,"_jetpack_memberships_contains_paywalled_content":false,"_wpcom_ai_launchpad_first_post":false,"_jetpack_feature_clip_id":0,"_jetpack_memberships_contains_paid_content":false,"footnotes":"","jetpack_publicize_message":"","jetpack_publicize_feature_enabled":true,"jetpack_social_post_already_shared":true,"jetpack_social_options":{"image_generator_settings":{"template":"highway","default_image_id":0,"font":"","enabled":false},"version":2},"jetpack_post_was_ever_published":false},"categories":[32176],"tags":[788426201],"class_list":["post-7441","post","type-post","status-publish","format-standard","has-post-thumbnail","hentry","category-senza-categoria","tag-festival-delle-corti","entry"],"yoast_head":"<!-- This site is optimized with the Yoast SEO plugin v28.3 - https:\/\/yoast.com\/product\/yoast-seo-wordpress\/ -->\n<title>Festival Delle Corti 2026 - Voci nel mondo<\/title>\n<meta name=\"robots\" content=\"index, follow, max-snippet:-1, max-image-preview:large, max-video-preview:-1\" \/>\n<link rel=\"canonical\" href=\"https:\/\/vocinelmondo.com\/en\/festival-delle-corti-2026\/\" \/>\n<meta property=\"og:locale\" content=\"en_GB\" \/>\n<meta property=\"og:type\" content=\"article\" \/>\n<meta property=\"og:title\" content=\"Festival Delle Corti 2026 - Voci nel mondo\" \/>\n<meta property=\"og:description\" content=\"Il Festival delle Corti, giunto quest&#8217;anno alla sua decima edizione, nasce come progetto culturale indipendente, animato dalla volont\u00e0 di valorizzare il patrimonio artistico, storico e paesaggistico della Valle di Suessola e di restituire voce e memoria a quelle personalit\u00e0 illustri che in questa terra hanno visto i natali, contribuendo, spesso silenziosamente, alla storia culturale, socialeContinue reading &quot;Festival Delle Corti 2026&quot;\" \/>\n<meta property=\"og:url\" content=\"https:\/\/vocinelmondo.com\/en\/festival-delle-corti-2026\/\" \/>\n<meta property=\"og:site_name\" content=\"Voci nel mondo\" \/>\n<meta property=\"article:publisher\" content=\"https:\/\/www.facebook.com\/profile.php?id=100023131396082\" \/>\n<meta property=\"article:published_time\" content=\"2026-08-29T16:17:37+00:00\" \/>\n<meta property=\"og:image\" content=\"https:\/\/vocinelmondo.com\/wp-content\/uploads\/2026\/08\/WhatsApp-Image-2026-08-28-at-12.34.56.jpeg\" \/>\n\t<meta property=\"og:image:width\" content=\"1600\" \/>\n\t<meta property=\"og:image:height\" content=\"1600\" \/>\n\t<meta property=\"og:image:type\" content=\"image\/jpeg\" \/>\n<meta name=\"author\" content=\"vocinelmondo\" \/>\n<meta name=\"twitter:card\" content=\"summary_large_image\" \/>\n<meta name=\"twitter:creator\" content=\"@ARitaCanone\" \/>\n<meta name=\"twitter:site\" content=\"@ARitaCanone\" \/>\n<meta name=\"twitter:label1\" content=\"Written by\" \/>\n\t<meta name=\"twitter:data1\" content=\"vocinelmondo\" \/>\n\t<meta name=\"twitter:label2\" content=\"Estimated reading time\" \/>\n\t<meta name=\"twitter:data2\" content=\"3 minutes\" \/>\n<script type=\"application\/ld+json\" class=\"yoast-schema-graph\">{\"@context\":\"https:\\\/\\\/schema.org\",\"@graph\":[{\"@type\":\"Article\",\"@id\":\"https:\\\/\\\/vocinelmondo.com\\\/festival-delle-corti-2026\\\/#article\",\"isPartOf\":{\"@id\":\"https:\\\/\\\/vocinelmondo.com\\\/festival-delle-corti-2026\\\/\"},\"author\":{\"name\":\"vocinelmondo\",\"@id\":\"https:\\\/\\\/vocinelmondo.com\\\/#\\\/schema\\\/person\\\/3b41b613046b23ee509c85f11b515b31\"},\"headline\":\"Festival Delle Corti 2026\",\"datePublished\":\"2026-08-29T16:17:37+00:00\",\"mainEntityOfPage\":{\"@id\":\"https:\\\/\\\/vocinelmondo.com\\\/festival-delle-corti-2026\\\/\"},\"wordCount\":375,\"commentCount\":0,\"publisher\":{\"@id\":\"https:\\\/\\\/vocinelmondo.com\\\/#organization\"},\"image\":{\"@id\":\"https:\\\/\\\/vocinelmondo.com\\\/festival-delle-corti-2026\\\/#primaryimage\"},\"thumbnailUrl\":\"https:\\\/\\\/i0.wp.com\\\/vocinelmondo.com\\\/wp-content\\\/uploads\\\/2026\\\/08\\\/WhatsApp-Image-2026-08-28-at-12.34.56.jpeg?fit=1600%2C1600&ssl=1\",\"keywords\":[\"Festival delle Corti\"],\"articleSection\":[\"Senza categoria\"],\"inLanguage\":\"en-GB\",\"potentialAction\":[{\"@type\":\"CommentAction\",\"name\":\"Comment\",\"target\":[\"https:\\\/\\\/vocinelmondo.com\\\/festival-delle-corti-2026\\\/#respond\"]}]},{\"@type\":\"WebPage\",\"@id\":\"https:\\\/\\\/vocinelmondo.com\\\/festival-delle-corti-2026\\\/\",\"url\":\"https:\\\/\\\/vocinelmondo.com\\\/festival-delle-corti-2026\\\/\",\"name\":\"Festival Delle Corti 2026 - Voci nel mondo\",\"isPartOf\":{\"@id\":\"https:\\\/\\\/vocinelmondo.com\\\/#website\"},\"primaryImageOfPage\":{\"@id\":\"https:\\\/\\\/vocinelmondo.com\\\/festival-delle-corti-2026\\\/#primaryimage\"},\"image\":{\"@id\":\"https:\\\/\\\/vocinelmondo.com\\\/festival-delle-corti-2026\\\/#primaryimage\"},\"thumbnailUrl\":\"https:\\\/\\\/i0.wp.com\\\/vocinelmondo.com\\\/wp-content\\\/uploads\\\/2026\\\/08\\\/WhatsApp-Image-2026-08-28-at-12.34.56.jpeg?fit=1600%2C1600&ssl=1\",\"datePublished\":\"2026-08-29T16:17:37+00:00\",\"breadcrumb\":{\"@id\":\"https:\\\/\\\/vocinelmondo.com\\\/festival-delle-corti-2026\\\/#breadcrumb\"},\"inLanguage\":\"en-GB\",\"potentialAction\":[{\"@type\":\"ReadAction\",\"target\":[\"https:\\\/\\\/vocinelmondo.com\\\/festival-delle-corti-2026\\\/\"]}]},{\"@type\":\"ImageObject\",\"inLanguage\":\"en-GB\",\"@id\":\"https:\\\/\\\/vocinelmondo.com\\\/festival-delle-corti-2026\\\/#primaryimage\",\"url\":\"https:\\\/\\\/i0.wp.com\\\/vocinelmondo.com\\\/wp-content\\\/uploads\\\/2026\\\/08\\\/WhatsApp-Image-2026-08-28-at-12.34.56.jpeg?fit=1600%2C1600&ssl=1\",\"contentUrl\":\"https:\\\/\\\/i0.wp.com\\\/vocinelmondo.com\\\/wp-content\\\/uploads\\\/2026\\\/08\\\/WhatsApp-Image-2026-08-28-at-12.34.56.jpeg?fit=1600%2C1600&ssl=1\",\"width\":1600,\"height\":1600},{\"@type\":\"BreadcrumbList\",\"@id\":\"https:\\\/\\\/vocinelmondo.com\\\/festival-delle-corti-2026\\\/#breadcrumb\",\"itemListElement\":[{\"@type\":\"ListItem\",\"position\":1,\"name\":\"Home\",\"item\":\"https:\\\/\\\/vocinelmondo.com\\\/\"},{\"@type\":\"ListItem\",\"position\":2,\"name\":\"Festival Delle Corti 2026\"}]},{\"@type\":\"WebSite\",\"@id\":\"https:\\\/\\\/vocinelmondo.com\\\/#website\",\"url\":\"https:\\\/\\\/vocinelmondo.com\\\/\",\"name\":\"Voci nel mondo\",\"description\":\"\u201cIl giornalismo consiste principalmente nel dire &#039;Lord Jones \u00e8 morto&#039; a persone che non hanno mai saputo che Lord Jones fosse vivo.\u201d Gilbert Keith Chesterton\",\"publisher\":{\"@id\":\"https:\\\/\\\/vocinelmondo.com\\\/#organization\"},\"potentialAction\":[{\"@type\":\"SearchAction\",\"target\":{\"@type\":\"EntryPoint\",\"urlTemplate\":\"https:\\\/\\\/vocinelmondo.com\\\/?s={search_term_string}\"},\"query-input\":{\"@type\":\"PropertyValueSpecification\",\"valueRequired\":true,\"valueName\":\"search_term_string\"}}],\"inLanguage\":\"en-GB\"},{\"@type\":\"Organization\",\"@id\":\"https:\\\/\\\/vocinelmondo.com\\\/#organization\",\"name\":\"Voci nel mondo\",\"url\":\"https:\\\/\\\/vocinelmondo.com\\\/\",\"logo\":{\"@type\":\"ImageObject\",\"inLanguage\":\"en-GB\",\"@id\":\"https:\\\/\\\/vocinelmondo.com\\\/#\\\/schema\\\/logo\\\/image\\\/\",\"url\":\"https:\\\/\\\/i0.wp.com\\\/vocinelmondo.com\\\/wp-content\\\/uploads\\\/2024\\\/12\\\/cropped-istock-1433041100.jpg?fit=3837%2C2127&ssl=1\",\"contentUrl\":\"https:\\\/\\\/i0.wp.com\\\/vocinelmondo.com\\\/wp-content\\\/uploads\\\/2024\\\/12\\\/cropped-istock-1433041100.jpg?fit=3837%2C2127&ssl=1\",\"width\":3837,\"height\":2127,\"caption\":\"Voci nel mondo\"},\"image\":{\"@id\":\"https:\\\/\\\/vocinelmondo.com\\\/#\\\/schema\\\/logo\\\/image\\\/\"},\"sameAs\":[\"https:\\\/\\\/www.facebook.com\\\/profile.php?id=100023131396082\",\"https:\\\/\\\/x.com\\\/ARitaCanone\"]},{\"@type\":\"Person\",\"@id\":\"https:\\\/\\\/vocinelmondo.com\\\/#\\\/schema\\\/person\\\/3b41b613046b23ee509c85f11b515b31\",\"name\":\"vocinelmondo\",\"image\":{\"@type\":\"ImageObject\",\"inLanguage\":\"en-GB\",\"@id\":\"https:\\\/\\\/secure.gravatar.com\\\/avatar\\\/264bcc2e2bd2d15ec49ceca8fbef9484e519e453cea4be121248c01f67dc7a84?s=96&d=identicon&r=g\",\"url\":\"https:\\\/\\\/secure.gravatar.com\\\/avatar\\\/264bcc2e2bd2d15ec49ceca8fbef9484e519e453cea4be121248c01f67dc7a84?s=96&d=identicon&r=g\",\"contentUrl\":\"https:\\\/\\\/secure.gravatar.com\\\/avatar\\\/264bcc2e2bd2d15ec49ceca8fbef9484e519e453cea4be121248c01f67dc7a84?s=96&d=identicon&r=g\",\"caption\":\"vocinelmondo\"},\"sameAs\":[\"http:\\\/\\\/vocinelmondo.wordpress.com\"],\"url\":\"https:\\\/\\\/vocinelmondo.com\\\/en\\\/author\\\/vocinelmondo\\\/\"}]}<\/script>\n<!-- \/ Yoast SEO plugin. -->","yoast_head_json":{"title":"Festival Delle Corti 2026 - Voci nel mondo","robots":{"index":"index","follow":"follow","max-snippet":"max-snippet:-1","max-image-preview":"max-image-preview:large","max-video-preview":"max-video-preview:-1"},"canonical":"https:\/\/vocinelmondo.com\/en\/festival-delle-corti-2026\/","og_locale":"en_GB","og_type":"article","og_title":"Festival Delle Corti 2026 - Voci nel mondo","og_description":"Il Festival delle Corti, giunto quest&#8217;anno alla sua decima edizione, nasce come progetto culturale indipendente, animato dalla volont\u00e0 di valorizzare il patrimonio artistico, storico e paesaggistico della Valle di Suessola e di restituire voce e memoria a quelle personalit\u00e0 illustri che in questa terra hanno visto i natali, contribuendo, spesso silenziosamente, alla storia culturale, socialeContinue reading \"Festival Delle Corti 2026\"","og_url":"https:\/\/vocinelmondo.com\/en\/festival-delle-corti-2026\/","og_site_name":"Voci nel mondo","article_publisher":"https:\/\/www.facebook.com\/profile.php?id=100023131396082","article_published_time":"2026-08-29T16:17:37+00:00","og_image":[{"width":1600,"height":1600,"url":"https:\/\/vocinelmondo.com\/wp-content\/uploads\/2026\/08\/WhatsApp-Image-2026-08-28-at-12.34.56.jpeg","type":"image\/jpeg"}],"author":"vocinelmondo","twitter_card":"summary_large_image","twitter_creator":"@ARitaCanone","twitter_site":"@ARitaCanone","twitter_misc":{"Written by":"vocinelmondo","Estimated reading time":"3 minutes"},"schema":{"@context":"https:\/\/schema.org","@graph":[{"@type":"Article","@id":"https:\/\/vocinelmondo.com\/festival-delle-corti-2026\/#article","isPartOf":{"@id":"https:\/\/vocinelmondo.com\/festival-delle-corti-2026\/"},"author":{"name":"vocinelmondo","@id":"https:\/\/vocinelmondo.com\/#\/schema\/person\/3b41b613046b23ee509c85f11b515b31"},"headline":"Festival Delle Corti 2026","datePublished":"2026-08-29T16:17:37+00:00","mainEntityOfPage":{"@id":"https:\/\/vocinelmondo.com\/festival-delle-corti-2026\/"},"wordCount":375,"commentCount":0,"publisher":{"@id":"https:\/\/vocinelmondo.com\/#organization"},"image":{"@id":"https:\/\/vocinelmondo.com\/festival-delle-corti-2026\/#primaryimage"},"thumbnailUrl":"https:\/\/i0.wp.com\/vocinelmondo.com\/wp-content\/uploads\/2026\/08\/WhatsApp-Image-2026-08-28-at-12.34.56.jpeg?fit=1600%2C1600&ssl=1","keywords":["Festival delle Corti"],"articleSection":["Senza categoria"],"inLanguage":"en-GB","potentialAction":[{"@type":"CommentAction","name":"Comment","target":["https:\/\/vocinelmondo.com\/festival-delle-corti-2026\/#respond"]}]},{"@type":"WebPage","@id":"https:\/\/vocinelmondo.com\/festival-delle-corti-2026\/","url":"https:\/\/vocinelmondo.com\/festival-delle-corti-2026\/","name":"Festival Delle Corti 2026 - Voci nel mondo","isPartOf":{"@id":"https:\/\/vocinelmondo.com\/#website"},"primaryImageOfPage":{"@id":"https:\/\/vocinelmondo.com\/festival-delle-corti-2026\/#primaryimage"},"image":{"@id":"https:\/\/vocinelmondo.com\/festival-delle-corti-2026\/#primaryimage"},"thumbnailUrl":"https:\/\/i0.wp.com\/vocinelmondo.com\/wp-content\/uploads\/2026\/08\/WhatsApp-Image-2026-08-28-at-12.34.56.jpeg?fit=1600%2C1600&ssl=1","datePublished":"2026-08-29T16:17:37+00:00","breadcrumb":{"@id":"https:\/\/vocinelmondo.com\/festival-delle-corti-2026\/#breadcrumb"},"inLanguage":"en-GB","potentialAction":[{"@type":"ReadAction","target":["https:\/\/vocinelmondo.com\/festival-delle-corti-2026\/"]}]},{"@type":"ImageObject","inLanguage":"en-GB","@id":"https:\/\/vocinelmondo.com\/festival-delle-corti-2026\/#primaryimage","url":"https:\/\/i0.wp.com\/vocinelmondo.com\/wp-content\/uploads\/2026\/08\/WhatsApp-Image-2026-08-28-at-12.34.56.jpeg?fit=1600%2C1600&ssl=1","contentUrl":"https:\/\/i0.wp.com\/vocinelmondo.com\/wp-content\/uploads\/2026\/08\/WhatsApp-Image-2026-08-28-at-12.34.56.jpeg?fit=1600%2C1600&ssl=1","width":1600,"height":1600},{"@type":"BreadcrumbList","@id":"https:\/\/vocinelmondo.com\/festival-delle-corti-2026\/#breadcrumb","itemListElement":[{"@type":"ListItem","position":1,"name":"Home","item":"https:\/\/vocinelmondo.com\/"},{"@type":"ListItem","position":2,"name":"Festival Delle Corti 2026"}]},{"@type":"WebSite","@id":"https:\/\/vocinelmondo.com\/#website","url":"https:\/\/vocinelmondo.com\/","name":"Voci nel mondo","description":"\u201cIl giornalismo consiste principalmente nel dire &#039;Lord Jones \u00e8 morto&#039; a persone che non hanno mai saputo che Lord Jones fosse vivo.\u201d Gilbert Keith Chesterton","publisher":{"@id":"https:\/\/vocinelmondo.com\/#organization"},"potentialAction":[{"@type":"SearchAction","target":{"@type":"EntryPoint","urlTemplate":"https:\/\/vocinelmondo.com\/?s={search_term_string}"},"query-input":{"@type":"PropertyValueSpecification","valueRequired":true,"valueName":"search_term_string"}}],"inLanguage":"en-GB"},{"@type":"Organization","@id":"https:\/\/vocinelmondo.com\/#organization","name":"Voci nel mondo","url":"https:\/\/vocinelmondo.com\/","logo":{"@type":"ImageObject","inLanguage":"en-GB","@id":"https:\/\/vocinelmondo.com\/#\/schema\/logo\/image\/","url":"https:\/\/i0.wp.com\/vocinelmondo.com\/wp-content\/uploads\/2024\/12\/cropped-istock-1433041100.jpg?fit=3837%2C2127&ssl=1","contentUrl":"https:\/\/i0.wp.com\/vocinelmondo.com\/wp-content\/uploads\/2024\/12\/cropped-istock-1433041100.jpg?fit=3837%2C2127&ssl=1","width":3837,"height":2127,"caption":"Voci nel mondo"},"image":{"@id":"https:\/\/vocinelmondo.com\/#\/schema\/logo\/image\/"},"sameAs":["https:\/\/www.facebook.com\/profile.php?id=100023131396082","https:\/\/x.com\/ARitaCanone"]},{"@type":"Person","@id":"https:\/\/vocinelmondo.com\/#\/schema\/person\/3b41b613046b23ee509c85f11b515b31","name":"vocinelmondo","image":{"@type":"ImageObject","inLanguage":"en-GB","@id":"https:\/\/secure.gravatar.com\/avatar\/264bcc2e2bd2d15ec49ceca8fbef9484e519e453cea4be121248c01f67dc7a84?s=96&d=identicon&r=g","url":"https:\/\/secure.gravatar.com\/avatar\/264bcc2e2bd2d15ec49ceca8fbef9484e519e453cea4be121248c01f67dc7a84?s=96&d=identicon&r=g","contentUrl":"https:\/\/secure.gravatar.com\/avatar\/264bcc2e2bd2d15ec49ceca8fbef9484e519e453cea4be121248c01f67dc7a84?s=96&d=identicon&r=g","caption":"vocinelmondo"},"sameAs":["http:\/\/vocinelmondo.wordpress.com"],"url":"https:\/\/vocinelmondo.com\/en\/author\/vocinelmondo\/"}]}},"jetpack_publicize_connections":[],"jetpack_likes_enabled":true,"jetpack_sharing_enabled":true,"jetpack_shortlink":"https:\/\/wp.me\/pbXoCg-1W1","jetpack-related-posts":[{"id":6493,"url":"https:\/\/vocinelmondo.com\/en\/peschiera-del-garda-al-via-arilica-festival-tra-arte-musica-e-teatro-tra-gli-ospiti-cristiano-godano\/","url_meta":{"origin":7441,"position":0},"title":"Peschiera del Garda, al via ARILICA Festival tra arte, musica e teatro. Tra gli ospiti Cristiano Godano","author":"vocinelmondo","date":"18\/03\/2026","format":false,"excerpt":"Dal 21 marzo al 24 maggio arte contemporanea, musica, teatro e incontri trasformano Peschiera del Garda in un laboratorio creativo diffuso. Il direttore artistico Matteo Vanzan: \u201cLa citt\u00e0 diventa materia viva, dove il patrimonio incontra il contemporaneo\u201d. Tra gli ospiti Cristiano Godano","rel":"","context":"In &quot;Cultura&quot;","block_context":{"text":"Cultura","link":"https:\/\/vocinelmondo.com\/en\/category\/cultura\/"},"img":{"alt_text":"","src":"https:\/\/i0.wp.com\/vocinelmondo.com\/wp-content\/uploads\/2026\/03\/unnamed-44.jpg?fit=1200%2C901&ssl=1&resize=350%2C200","width":350,"height":200,"srcset":"https:\/\/i0.wp.com\/vocinelmondo.com\/wp-content\/uploads\/2026\/03\/unnamed-44.jpg?fit=1200%2C901&ssl=1&resize=350%2C200 1x, https:\/\/i0.wp.com\/vocinelmondo.com\/wp-content\/uploads\/2026\/03\/unnamed-44.jpg?fit=1200%2C901&ssl=1&resize=525%2C300 1.5x, https:\/\/i0.wp.com\/vocinelmondo.com\/wp-content\/uploads\/2026\/03\/unnamed-44.jpg?fit=1200%2C901&ssl=1&resize=700%2C400 2x, https:\/\/i0.wp.com\/vocinelmondo.com\/wp-content\/uploads\/2026\/03\/unnamed-44.jpg?fit=1200%2C901&ssl=1&resize=1050%2C600 3x"},"classes":[]},{"id":6456,"url":"https:\/\/vocinelmondo.com\/en\/cinesorriso-imperia-il-buonumore-in-scena-tra-cinema-e-nuovi-media-prima-edizione-al-teatro-cavour-dal-12-al-14-marzo\/","url_meta":{"origin":7441,"position":1},"title":"Cinesorriso Imperia, il buonumore in scena tra cinema e nuovi media, prima edizione al Teatro Cavour dal 12 al 14 marzo\u00a0\u00a0","author":"vocinelmondo","date":"11\/03\/2026","format":false,"excerpt":"Nella prima serata Angela Finocchiaro ricever\u00e0 il Premio alla Carriera, tra gli altri premiati Matilde Gioli, Paolo Calabresi e Greta Scarano per il suo esordio \u201cLa vita da grandi\u201d.","rel":"","context":"In &quot;Lifestyle&quot;","block_context":{"text":"Lifestyle","link":"https:\/\/vocinelmondo.com\/en\/category\/lifestyle\/"},"img":{"alt_text":"","src":"https:\/\/i0.wp.com\/vocinelmondo.com\/wp-content\/uploads\/2026\/03\/finocchiaro-angela-1.jpg?fit=462%2C752&ssl=1&resize=350%2C200","width":350,"height":200},"classes":[]},{"id":7254,"url":"https:\/\/vocinelmondo.com\/en\/napoli-blues-festival\/","url_meta":{"origin":7441,"position":2},"title":"Napoli Blues Festival","author":"vocinelmondo","date":"16\/07\/2026","format":false,"excerpt":"Il 17 luglio 2026\u00a0prende il via la tredicesima edizione del \u201cNapoli Blues Festival\u201d, promosso e co-finanziato dal Comune di Napoli, nell\u2019ambito della programmazione culturale 2026\/2027, e curato dall\u2019associazione culturale\u00a0Musica dal Mondo. Nata nel 1999, la manifestazione si configura come un\u2019eccellenza multidisciplinare che celebra il blues come \u201clinguaggio universale\u201d e \u201ccultura\u2026","rel":"","context":"In &quot;Intrattenimento&quot;","block_context":{"text":"Intrattenimento","link":"https:\/\/vocinelmondo.com\/en\/category\/intrattenimento\/"},"img":{"alt_text":"","src":"https:\/\/i0.wp.com\/vocinelmondo.com\/wp-content\/uploads\/2026\/07\/Locandina-Napoli-Blues-Festival-2026.jpg?fit=960%2C1200&ssl=1&resize=350%2C200","width":350,"height":200,"srcset":"https:\/\/i0.wp.com\/vocinelmondo.com\/wp-content\/uploads\/2026\/07\/Locandina-Napoli-Blues-Festival-2026.jpg?fit=960%2C1200&ssl=1&resize=350%2C200 1x, https:\/\/i0.wp.com\/vocinelmondo.com\/wp-content\/uploads\/2026\/07\/Locandina-Napoli-Blues-Festival-2026.jpg?fit=960%2C1200&ssl=1&resize=525%2C300 1.5x, https:\/\/i0.wp.com\/vocinelmondo.com\/wp-content\/uploads\/2026\/07\/Locandina-Napoli-Blues-Festival-2026.jpg?fit=960%2C1200&ssl=1&resize=700%2C400 2x"},"classes":[]},{"id":2700,"url":"https:\/\/vocinelmondo.com\/en\/la-nostra-memoria-e-sul-grande-schermo-dal-10-al-12-novembre-torna-archeocinemann\/","url_meta":{"origin":7441,"position":3},"title":"La nostra memoria \u00e8 sul\u00a0grande schermo: dal 10 al 12 novembre torna archeocineMANN","author":"vocinelmondo","date":"04\/11\/2022","format":false,"excerpt":"La rassegna internazionale, sempre gratuita, giunge alla terza edizione","rel":"","context":"In &quot;Cultura&quot;","block_context":{"text":"Cultura","link":"https:\/\/vocinelmondo.com\/en\/category\/cultura\/"},"img":{"alt_text":"","src":"https:\/\/i0.wp.com\/vocinelmondo.com\/wp-content\/uploads\/2022\/11\/film-dinosauri-29-giugno-copia.jpg?resize=350%2C200&ssl=1","width":350,"height":200,"srcset":"https:\/\/i0.wp.com\/vocinelmondo.com\/wp-content\/uploads\/2022\/11\/film-dinosauri-29-giugno-copia.jpg?resize=350%2C200&ssl=1 1x, https:\/\/i0.wp.com\/vocinelmondo.com\/wp-content\/uploads\/2022\/11\/film-dinosauri-29-giugno-copia.jpg?resize=525%2C300&ssl=1 1.5x, https:\/\/i0.wp.com\/vocinelmondo.com\/wp-content\/uploads\/2022\/11\/film-dinosauri-29-giugno-copia.jpg?resize=700%2C400&ssl=1 2x, https:\/\/i0.wp.com\/vocinelmondo.com\/wp-content\/uploads\/2022\/11\/film-dinosauri-29-giugno-copia.jpg?resize=1050%2C600&ssl=1 3x, https:\/\/i0.wp.com\/vocinelmondo.com\/wp-content\/uploads\/2022\/11\/film-dinosauri-29-giugno-copia.jpg?resize=1400%2C800&ssl=1 4x"},"classes":[]},{"id":5112,"url":"https:\/\/vocinelmondo.com\/en\/burattinarte-2025-un-viaggio-tra-le-radici-del-teatro-e-delle-culture-del-mondo\/","url_meta":{"origin":7441,"position":4},"title":"Burattinarte\u00a02025: un viaggio tra le radici del teatro e delle culture del mondo","author":"vocinelmondo","date":"15\/06\/2025","format":false,"excerpt":"Dal 26 giugno al 4 settembre un calendario ricchissimo e diffuso in 12 sedi tra paesi, borghi e citt\u00e0","rel":"","context":"In &quot;Cultura&quot;","block_context":{"text":"Cultura","link":"https:\/\/vocinelmondo.com\/en\/category\/cultura\/"},"img":{"alt_text":"","src":"https:\/\/i0.wp.com\/vocinelmondo.com\/wp-content\/uploads\/2025\/06\/image-8.png?resize=350%2C200&ssl=1","width":350,"height":200,"srcset":"https:\/\/i0.wp.com\/vocinelmondo.com\/wp-content\/uploads\/2025\/06\/image-8.png?resize=350%2C200&ssl=1 1x, https:\/\/i0.wp.com\/vocinelmondo.com\/wp-content\/uploads\/2025\/06\/image-8.png?resize=525%2C300&ssl=1 1.5x"},"classes":[]},{"id":5490,"url":"https:\/\/vocinelmondo.com\/en\/wonderwalla-festival-arte-musica-e-laboratori-creativi-nel-borgo-della-street-art\/","url_meta":{"origin":7441,"position":5},"title":"WONDERWALL\u00c0 FESTIVAL: ARTE, MUSICA E LABORATORI CREATIVI NEL BORGO DELLA STREET ART","author":"vocinelmondo","date":"27\/08\/2025","format":false,"excerpt":"Dal 29 al 31 agosto torna il festival di rigenerazione urbana tra murales, musica e fantasia collettiva, street food e workshop artistici per i bambini. Al via un laboratorio di calligrafia contro l\u2019uso delle tastiere, un contest per scegliere l\u2019immagine del prossimo muro e i workshop per usare i mattoncini\u2026","rel":"","context":"In &quot;Intrattenimento&quot;","block_context":{"text":"Intrattenimento","link":"https:\/\/vocinelmondo.com\/en\/category\/intrattenimento\/"},"img":{"alt_text":"","src":"https:\/\/i0.wp.com\/vocinelmondo.com\/wp-content\/uploads\/2025\/08\/wonderwalla__thewalla.jpg?resize=350%2C200&ssl=1","width":350,"height":200,"srcset":"https:\/\/i0.wp.com\/vocinelmondo.com\/wp-content\/uploads\/2025\/08\/wonderwalla__thewalla.jpg?resize=350%2C200&ssl=1 1x, https:\/\/i0.wp.com\/vocinelmondo.com\/wp-content\/uploads\/2025\/08\/wonderwalla__thewalla.jpg?resize=525%2C300&ssl=1 1.5x, https:\/\/i0.wp.com\/vocinelmondo.com\/wp-content\/uploads\/2025\/08\/wonderwalla__thewalla.jpg?resize=700%2C400&ssl=1 2x, https:\/\/i0.wp.com\/vocinelmondo.com\/wp-content\/uploads\/2025\/08\/wonderwalla__thewalla.jpg?resize=1050%2C600&ssl=1 3x, https:\/\/i0.wp.com\/vocinelmondo.com\/wp-content\/uploads\/2025\/08\/wonderwalla__thewalla.jpg?resize=1400%2C800&ssl=1 4x"},"classes":[]}],"jetpack_featured_media_url":"https:\/\/i0.wp.com\/vocinelmondo.com\/wp-content\/uploads\/2026\/08\/WhatsApp-Image-2026-08-28-at-12.34.56.jpeg?fit=1600%2C1600&ssl=1","_links":{"self":[{"href":"https:\/\/vocinelmondo.com\/en\/wp-json\/wp\/v2\/posts\/7441","targetHints":{"allow":["GET"]}}],"collection":[{"href":"https:\/\/vocinelmondo.com\/en\/wp-json\/wp\/v2\/posts"}],"about":[{"href":"https:\/\/vocinelmondo.com\/en\/wp-json\/wp\/v2\/types\/post"}],"author":[{"embeddable":true,"href":"https:\/\/vocinelmondo.com\/en\/wp-json\/wp\/v2\/users\/185173647"}],"replies":[{"embeddable":true,"href":"https:\/\/vocinelmondo.com\/en\/wp-json\/wp\/v2\/comments?post=7441"}],"version-history":[{"count":2,"href":"https:\/\/vocinelmondo.com\/en\/wp-json\/wp\/v2\/posts\/7441\/revisions"}],"predecessor-version":[{"id":7445,"href":"https:\/\/vocinelmondo.com\/en\/wp-json\/wp\/v2\/posts\/7441\/revisions\/7445"}],"wp:featuredmedia":[{"embeddable":true,"href":"https:\/\/vocinelmondo.com\/en\/wp-json\/wp\/v2\/media\/7444"}],"wp:attachment":[{"href":"https:\/\/vocinelmondo.com\/en\/wp-json\/wp\/v2\/media?parent=7441"}],"wp:term":[{"taxonomy":"category","embeddable":true,"href":"https:\/\/vocinelmondo.com\/en\/wp-json\/wp\/v2\/categories?post=7441"},{"taxonomy":"post_tag","embeddable":true,"href":"https:\/\/vocinelmondo.com\/en\/wp-json\/wp\/v2\/tags?post=7441"}],"curies":[{"name":"wp","href":"https:\/\/api.w.org\/{rel}","templated":true}]}}